{"id":2118,"date":"2021-11-28T20:11:06","date_gmt":"2021-11-28T19:11:06","guid":{"rendered":"https:\/\/www.vaga-camp.com\/?p=2118"},"modified":"2022-04-10T21:59:09","modified_gmt":"2022-04-10T19:59:09","slug":"where-the-wind-steals-your-breath-velky-krivan","status":"publish","type":"post","link":"https:\/\/www.vaga-camp.com\/en\/where-the-wind-steals-your-breath-velky-krivan\/","title":{"rendered":"Where the wind steals your breath: Ve\u013ek\u00fd Kriv\u00e1\u0148"},"content":{"rendered":"\n<p>On this morning we were awoken by birds singing, rivers burbling, horses neighing and sheep bells ringing.<br>And by the silence.<br>We opened the window and from the first breath of fresh air, we were enveloped by the smell of the<br>forest, freedom, inspiration, and excitement.<br>Two hours later we stood at the start of a\u00a0half-marathon in Terchov\u00e1.<br>We and 400 other runners.<br>We didn\u00b4t know the route.<br>We didn\u00b4t know what awaited us.<br>The first kilometers beyond Terchov\u00e1 led through an impressing entrance to the valley Vr\u00e1tna, the canyon<br>of Ties\u0148avy, under the bizarre rock formations named The Stony Monk, The Camel, J\u00e1no\u0161\u00edk\u00b4s Bed, The<br>Crocodile.<br>We continued to \u0160tefanov\u00e1, greeted Mount Rozsutec, which returned the bow. The road declined again<br>back to the Vr\u00e1tna valley and rose to the Rozsutec Hotel and Vr\u00e1tna cable car station leading to the<br>Snilovsk\u00e9 sadle.<br>And then we repeated it.<br>The yellow fallen leaves showed us the way.<br>And the burbling stream with the small waterfalls.<br>And the curving Rebel\u00b4s Trail (\u201eZbojn\u00edcky chodn\u00edk\u201c) in the forest above our head,\u00a0home of the wolf, lynx,<br>bear.<br>Until we finally returned to Terchov\u00e1.<br>\u201eIt wasn\u00b4t very demanding, you look fresh\u201c, a\u00a0young man dressed as Juraj J\u00e1no\u0161\u00edk told to us and fired into<br>the air.<br>If we had to choose and recommend only one region in Slovakia, the number one would be The Mal\u00e1 Fatra<br>Mountain Range.<br>We love this region.<br>Let\u00b4s ramble the fairytale gorge, J\u00e1no\u0161\u00edk\u00b4s Holes, using mountain ladders, and steel cables, let\u00b4s hike to the<br>stony siblings, Mal\u00fd Rozsutec Mountain and Ve\u013ek\u00fd Rozsutec Mountain.<br>Let\u00b4s climb up and down one of the most attractive ridge tour in Slovakia, through rounded Stoh Mountain,<br>tangles of blueberries and raspberries to the Polud\u0148ov\u00fd Gr\u00fa\u0148 Mountain, through rolling stones to the Chleb<br>Mountain and to the meadow mountain Ve\u013ek\u00fd Kriv\u00e1\u0148.<br>Where the wind steals your breath, and words too.<br>Where the view is never-ending.<br>Where your journey could very well turn into a discovery of the treasure found within.<br>In Paulo Coelho&#8217;s novel the \u201cAlchemist\u201d an Andalusian shepherd boy named Santiago travels from his<br>homeland in Spain to the Egyptian desert in search of a treasure buried in the Pyramids.<br>Let\u00b4s hike the Mal\u00e1 Fatra Mountains and discover the same treasure just outside your doors.<\/p>\n\n\n\n<figure class=\"wp-block-image size-large\"><img fetchpriority=\"high\" decoding=\"async\" width=\"1024\" height=\"683\" src=\"https:\/\/www.vaga-camp.com\/wp-content\/uploads\/vaga-Mala-Fatra-9-1024x683.jpg\" alt=\"\" class=\"wp-image-1426\" srcset=\"https:\/\/www.vaga-camp.com\/wp-content\/uploads\/vaga-Mala-Fatra-9-1024x683.jpg 1024w, https:\/\/www.vaga-camp.com\/wp-content\/uploads\/vaga-Mala-Fatra-9-scaled-600x400.jpg 600w, https:\/\/www.vaga-camp.com\/wp-content\/uploads\/vaga-Mala-Fatra-9-300x200.jpg 300w, https:\/\/www.vaga-camp.com\/wp-content\/uploads\/vaga-Mala-Fatra-9-768x512.jpg 768w, https:\/\/www.vaga-camp.com\/wp-content\/uploads\/vaga-Mala-Fatra-9-1536x1024.jpg 1536w, https:\/\/www.vaga-camp.com\/wp-content\/uploads\/vaga-Mala-Fatra-9-2048x1365.jpg 2048w, https:\/\/www.vaga-camp.com\/wp-content\/uploads\/vaga-Mala-Fatra-9-scaled.jpg 1920w\" sizes=\"(max-width: 1024px) 100vw, 1024px\" \/><figcaption>Mal\u00e1 Fatra<\/figcaption><\/figure>\n\n\n\n<p><\/p>\n","protected":false},"excerpt":{"rendered":"<p>On this morning we were awoken by birds singing, rivers burbling, horses neighing and sheep bells ringing.And by the silence.We opened the window and from the first breath of fresh air, we were enveloped by the smell of theforest, freedom, inspiration, and excitement.Two hours later we stood at the start of a\u00a0half-marathon in Terchov\u00e1.We and [&hellip;]<\/p>\n","protected":false},"author":1,"featured_media":1427,"comment_status":"closed","ping_status":"closed","sticky":false,"template":"","format":"standard","meta":{"_monsterinsights_skip_tracking":false,"_monsterinsights_sitenote_active":false,"_monsterinsights_sitenote_note":"","_monsterinsights_sitenote_category":0,"footnotes":""},"categories":[60],"tags":[],"class_list":["post-2118","post","type-post","status-publish","format-standard","has-post-thumbnail","hentry","category-find-strength-on-our-camps"],"blocksy_meta":{"styles_descriptor":{"styles":{"desktop":"","tablet":"","mobile":""},"google_fonts":[],"version":6}},"yoast_head":"<!-- This site is optimized with the Yoast SEO plugin v27.5 - https:\/\/yoast.com\/product\/yoast-seo-wordpress\/ -->\n<title>Where the wind steals your breath: Ve\u013ek\u00fd Kriv\u00e1\u0148 - VaGa Camp<\/title>\n<meta name=\"description\" content=\"Zabehnite si s nami Terchovsk\u00fd polmarat\u00f3n v Malej Fatre.\" \/>\n<meta name=\"robots\" content=\"index, follow, max-snippet:-1, max-image-preview:large, max-video-preview:-1\" \/>\n<link rel=\"canonical\" href=\"https:\/\/www.vaga-camp.com\/en\/where-the-wind-steals-your-breath-velky-krivan\/\" \/>\n<meta property=\"og:locale\" content=\"en_US\" \/>\n<meta property=\"og:type\" content=\"article\" \/>\n<meta property=\"og:title\" content=\"Where the wind steals your breath: Ve\u013ek\u00fd Kriv\u00e1\u0148 - VaGa Camp\" \/>\n<meta property=\"og:description\" content=\"Zabehnite si s nami Terchovsk\u00fd polmarat\u00f3n v Malej Fatre.\" \/>\n<meta property=\"og:url\" content=\"https:\/\/www.vaga-camp.com\/en\/where-the-wind-steals-your-breath-velky-krivan\/\" \/>\n<meta property=\"og:site_name\" content=\"VaGa Camp\" \/>\n<meta property=\"article:published_time\" content=\"2021-11-28T19:11:06+00:00\" \/>\n<meta property=\"article:modified_time\" content=\"2022-04-10T19:59:09+00:00\" \/>\n<meta property=\"og:image\" content=\"https:\/\/www.vaga-camp.com\/wp-content\/uploads\/one2we-Mala-Fatra-scaled.jpg\" \/>\n\t<meta property=\"og:image:width\" content=\"1920\" \/>\n\t<meta property=\"og:image:height\" content=\"1280\" \/>\n\t<meta property=\"og:image:type\" content=\"image\/jpeg\" \/>\n<meta name=\"author\" content=\"VaGa Camp\" \/>\n<meta name=\"twitter:card\" content=\"summary_large_image\" \/>\n<meta name=\"twitter:label1\" content=\"Written by\" \/>\n\t<meta name=\"twitter:data1\" content=\"VaGa Camp\" \/>\n\t<meta name=\"twitter:label2\" content=\"Est. reading time\" \/>\n\t<meta name=\"twitter:data2\" content=\"3 minutes\" \/>\n<script type=\"application\/ld+json\" class=\"yoast-schema-graph\">{\"@context\":\"https:\\\/\\\/schema.org\",\"@graph\":[{\"@type\":\"Article\",\"@id\":\"https:\\\/\\\/www.vaga-camp.com\\\/en\\\/where-the-wind-steals-your-breath-velky-krivan\\\/#article\",\"isPartOf\":{\"@id\":\"https:\\\/\\\/www.vaga-camp.com\\\/en\\\/where-the-wind-steals-your-breath-velky-krivan\\\/\"},\"author\":{\"name\":\"VaGa Camp\",\"@id\":\"https:\\\/\\\/www.vaga-camp.com\\\/en\\\/#\\\/schema\\\/person\\\/9b785744619e8a685f901eb2980ac4b7\"},\"headline\":\"Where the wind steals your breath: Ve\u013ek\u00fd Kriv\u00e1\u0148\",\"datePublished\":\"2021-11-28T19:11:06+00:00\",\"dateModified\":\"2022-04-10T19:59:09+00:00\",\"mainEntityOfPage\":{\"@id\":\"https:\\\/\\\/www.vaga-camp.com\\\/en\\\/where-the-wind-steals-your-breath-velky-krivan\\\/\"},\"wordCount\":407,\"publisher\":{\"@id\":\"https:\\\/\\\/www.vaga-camp.com\\\/en\\\/#organization\"},\"image\":{\"@id\":\"https:\\\/\\\/www.vaga-camp.com\\\/en\\\/where-the-wind-steals-your-breath-velky-krivan\\\/#primaryimage\"},\"thumbnailUrl\":\"https:\\\/\\\/www.vaga-camp.com\\\/wp-content\\\/uploads\\\/one2we-Mala-Fatra-scaled.jpg\",\"articleSection\":[\"Find strength on our camps\"],\"inLanguage\":\"en-US\"},{\"@type\":\"WebPage\",\"@id\":\"https:\\\/\\\/www.vaga-camp.com\\\/en\\\/where-the-wind-steals-your-breath-velky-krivan\\\/\",\"url\":\"https:\\\/\\\/www.vaga-camp.com\\\/en\\\/where-the-wind-steals-your-breath-velky-krivan\\\/\",\"name\":\"Where the wind steals your breath: Ve\u013ek\u00fd Kriv\u00e1\u0148 - VaGa Camp\",\"isPartOf\":{\"@id\":\"https:\\\/\\\/www.vaga-camp.com\\\/en\\\/#website\"},\"primaryImageOfPage\":{\"@id\":\"https:\\\/\\\/www.vaga-camp.com\\\/en\\\/where-the-wind-steals-your-breath-velky-krivan\\\/#primaryimage\"},\"image\":{\"@id\":\"https:\\\/\\\/www.vaga-camp.com\\\/en\\\/where-the-wind-steals-your-breath-velky-krivan\\\/#primaryimage\"},\"thumbnailUrl\":\"https:\\\/\\\/www.vaga-camp.com\\\/wp-content\\\/uploads\\\/one2we-Mala-Fatra-scaled.jpg\",\"datePublished\":\"2021-11-28T19:11:06+00:00\",\"dateModified\":\"2022-04-10T19:59:09+00:00\",\"description\":\"Zabehnite si s nami Terchovsk\u00fd polmarat\u00f3n v Malej Fatre.\",\"breadcrumb\":{\"@id\":\"https:\\\/\\\/www.vaga-camp.com\\\/en\\\/where-the-wind-steals-your-breath-velky-krivan\\\/#breadcrumb\"},\"inLanguage\":\"en-US\",\"potentialAction\":[{\"@type\":\"ReadAction\",\"target\":[\"https:\\\/\\\/www.vaga-camp.com\\\/en\\\/where-the-wind-steals-your-breath-velky-krivan\\\/\"]}]},{\"@type\":\"ImageObject\",\"inLanguage\":\"en-US\",\"@id\":\"https:\\\/\\\/www.vaga-camp.com\\\/en\\\/where-the-wind-steals-your-breath-velky-krivan\\\/#primaryimage\",\"url\":\"https:\\\/\\\/www.vaga-camp.com\\\/wp-content\\\/uploads\\\/one2we-Mala-Fatra-scaled.jpg\",\"contentUrl\":\"https:\\\/\\\/www.vaga-camp.com\\\/wp-content\\\/uploads\\\/one2we-Mala-Fatra-scaled.jpg\",\"width\":1920,\"height\":1280},{\"@type\":\"BreadcrumbList\",\"@id\":\"https:\\\/\\\/www.vaga-camp.com\\\/en\\\/where-the-wind-steals-your-breath-velky-krivan\\\/#breadcrumb\",\"itemListElement\":[{\"@type\":\"ListItem\",\"position\":1,\"name\":\"Domovsk\u00e1 str\u00e1nka\",\"item\":\"https:\\\/\\\/www.vaga-camp.com\\\/en\\\/\"},{\"@type\":\"ListItem\",\"position\":2,\"name\":\"Where the wind steals your breath: Ve\u013ek\u00fd Kriv\u00e1\u0148\"}]},{\"@type\":\"WebSite\",\"@id\":\"https:\\\/\\\/www.vaga-camp.com\\\/en\\\/#website\",\"url\":\"https:\\\/\\\/www.vaga-camp.com\\\/en\\\/\",\"name\":\"VaGa Camp\",\"description\":\"Sta\u0148 sa extr\u00e9mne v\u00fdnimo\u010dnou \u017eenou na v\u00fdnimo\u010dnom mieste\",\"publisher\":{\"@id\":\"https:\\\/\\\/www.vaga-camp.com\\\/en\\\/#organization\"},\"potentialAction\":[{\"@type\":\"SearchAction\",\"target\":{\"@type\":\"EntryPoint\",\"urlTemplate\":\"https:\\\/\\\/www.vaga-camp.com\\\/en\\\/?s={search_term_string}\"},\"query-input\":{\"@type\":\"PropertyValueSpecification\",\"valueRequired\":true,\"valueName\":\"search_term_string\"}}],\"inLanguage\":\"en-US\"},{\"@type\":\"Organization\",\"@id\":\"https:\\\/\\\/www.vaga-camp.com\\\/en\\\/#organization\",\"name\":\"VaGa Agency\",\"url\":\"https:\\\/\\\/www.vaga-camp.com\\\/en\\\/\",\"logo\":{\"@type\":\"ImageObject\",\"inLanguage\":\"en-US\",\"@id\":\"https:\\\/\\\/www.vaga-camp.com\\\/en\\\/#\\\/schema\\\/logo\\\/image\\\/\",\"url\":\"https:\\\/\\\/www.vaga-camp.com\\\/wp-content\\\/uploads\\\/VaGa-Camp-1.png\",\"contentUrl\":\"https:\\\/\\\/www.vaga-camp.com\\\/wp-content\\\/uploads\\\/VaGa-Camp-1.png\",\"width\":500,\"height\":500,\"caption\":\"VaGa Agency\"},\"image\":{\"@id\":\"https:\\\/\\\/www.vaga-camp.com\\\/en\\\/#\\\/schema\\\/logo\\\/image\\\/\"}},{\"@type\":\"Person\",\"@id\":\"https:\\\/\\\/www.vaga-camp.com\\\/en\\\/#\\\/schema\\\/person\\\/9b785744619e8a685f901eb2980ac4b7\",\"name\":\"VaGa Camp\",\"image\":{\"@type\":\"ImageObject\",\"inLanguage\":\"en-US\",\"@id\":\"https:\\\/\\\/secure.gravatar.com\\\/avatar\\\/db5c64bb1f2d28c0b7b7657f3b9efff8966dfaeb777919dddd967be256b0d2f3?s=96&d=mm&r=g\",\"url\":\"https:\\\/\\\/secure.gravatar.com\\\/avatar\\\/db5c64bb1f2d28c0b7b7657f3b9efff8966dfaeb777919dddd967be256b0d2f3?s=96&d=mm&r=g\",\"contentUrl\":\"https:\\\/\\\/secure.gravatar.com\\\/avatar\\\/db5c64bb1f2d28c0b7b7657f3b9efff8966dfaeb777919dddd967be256b0d2f3?s=96&d=mm&r=g\",\"caption\":\"VaGa Camp\"},\"sameAs\":[\"https:\\\/\\\/www.vaga-camp.com\"]}]}<\/script>\n<!-- \/ Yoast SEO plugin. -->","yoast_head_json":{"title":"Where the wind steals your breath: Ve\u013ek\u00fd Kriv\u00e1\u0148 - VaGa Camp","description":"Zabehnite si s nami Terchovsk\u00fd polmarat\u00f3n v Malej Fatre.","robots":{"index":"index","follow":"follow","max-snippet":"max-snippet:-1","max-image-preview":"max-image-preview:large","max-video-preview":"max-video-preview:-1"},"canonical":"https:\/\/www.vaga-camp.com\/en\/where-the-wind-steals-your-breath-velky-krivan\/","og_locale":"en_US","og_type":"article","og_title":"Where the wind steals your breath: Ve\u013ek\u00fd Kriv\u00e1\u0148 - VaGa Camp","og_description":"Zabehnite si s nami Terchovsk\u00fd polmarat\u00f3n v Malej Fatre.","og_url":"https:\/\/www.vaga-camp.com\/en\/where-the-wind-steals-your-breath-velky-krivan\/","og_site_name":"VaGa Camp","article_published_time":"2021-11-28T19:11:06+00:00","article_modified_time":"2022-04-10T19:59:09+00:00","og_image":[{"width":1920,"height":1280,"url":"https:\/\/www.vaga-camp.com\/wp-content\/uploads\/one2we-Mala-Fatra-scaled.jpg","type":"image\/jpeg"}],"author":"VaGa Camp","twitter_card":"summary_large_image","twitter_misc":{"Written by":"VaGa Camp","Est. reading time":"3 minutes"},"schema":{"@context":"https:\/\/schema.org","@graph":[{"@type":"Article","@id":"https:\/\/www.vaga-camp.com\/en\/where-the-wind-steals-your-breath-velky-krivan\/#article","isPartOf":{"@id":"https:\/\/www.vaga-camp.com\/en\/where-the-wind-steals-your-breath-velky-krivan\/"},"author":{"name":"VaGa Camp","@id":"https:\/\/www.vaga-camp.com\/en\/#\/schema\/person\/9b785744619e8a685f901eb2980ac4b7"},"headline":"Where the wind steals your breath: Ve\u013ek\u00fd Kriv\u00e1\u0148","datePublished":"2021-11-28T19:11:06+00:00","dateModified":"2022-04-10T19:59:09+00:00","mainEntityOfPage":{"@id":"https:\/\/www.vaga-camp.com\/en\/where-the-wind-steals-your-breath-velky-krivan\/"},"wordCount":407,"publisher":{"@id":"https:\/\/www.vaga-camp.com\/en\/#organization"},"image":{"@id":"https:\/\/www.vaga-camp.com\/en\/where-the-wind-steals-your-breath-velky-krivan\/#primaryimage"},"thumbnailUrl":"https:\/\/www.vaga-camp.com\/wp-content\/uploads\/one2we-Mala-Fatra-scaled.jpg","articleSection":["Find strength on our camps"],"inLanguage":"en-US"},{"@type":"WebPage","@id":"https:\/\/www.vaga-camp.com\/en\/where-the-wind-steals-your-breath-velky-krivan\/","url":"https:\/\/www.vaga-camp.com\/en\/where-the-wind-steals-your-breath-velky-krivan\/","name":"Where the wind steals your breath: Ve\u013ek\u00fd Kriv\u00e1\u0148 - VaGa Camp","isPartOf":{"@id":"https:\/\/www.vaga-camp.com\/en\/#website"},"primaryImageOfPage":{"@id":"https:\/\/www.vaga-camp.com\/en\/where-the-wind-steals-your-breath-velky-krivan\/#primaryimage"},"image":{"@id":"https:\/\/www.vaga-camp.com\/en\/where-the-wind-steals-your-breath-velky-krivan\/#primaryimage"},"thumbnailUrl":"https:\/\/www.vaga-camp.com\/wp-content\/uploads\/one2we-Mala-Fatra-scaled.jpg","datePublished":"2021-11-28T19:11:06+00:00","dateModified":"2022-04-10T19:59:09+00:00","description":"Zabehnite si s nami Terchovsk\u00fd polmarat\u00f3n v Malej Fatre.","breadcrumb":{"@id":"https:\/\/www.vaga-camp.com\/en\/where-the-wind-steals-your-breath-velky-krivan\/#breadcrumb"},"inLanguage":"en-US","potentialAction":[{"@type":"ReadAction","target":["https:\/\/www.vaga-camp.com\/en\/where-the-wind-steals-your-breath-velky-krivan\/"]}]},{"@type":"ImageObject","inLanguage":"en-US","@id":"https:\/\/www.vaga-camp.com\/en\/where-the-wind-steals-your-breath-velky-krivan\/#primaryimage","url":"https:\/\/www.vaga-camp.com\/wp-content\/uploads\/one2we-Mala-Fatra-scaled.jpg","contentUrl":"https:\/\/www.vaga-camp.com\/wp-content\/uploads\/one2we-Mala-Fatra-scaled.jpg","width":1920,"height":1280},{"@type":"BreadcrumbList","@id":"https:\/\/www.vaga-camp.com\/en\/where-the-wind-steals-your-breath-velky-krivan\/#breadcrumb","itemListElement":[{"@type":"ListItem","position":1,"name":"Domovsk\u00e1 str\u00e1nka","item":"https:\/\/www.vaga-camp.com\/en\/"},{"@type":"ListItem","position":2,"name":"Where the wind steals your breath: Ve\u013ek\u00fd Kriv\u00e1\u0148"}]},{"@type":"WebSite","@id":"https:\/\/www.vaga-camp.com\/en\/#website","url":"https:\/\/www.vaga-camp.com\/en\/","name":"VaGa Camp","description":"Sta\u0148 sa extr\u00e9mne v\u00fdnimo\u010dnou \u017eenou na v\u00fdnimo\u010dnom mieste","publisher":{"@id":"https:\/\/www.vaga-camp.com\/en\/#organization"},"potentialAction":[{"@type":"SearchAction","target":{"@type":"EntryPoint","urlTemplate":"https:\/\/www.vaga-camp.com\/en\/?s={search_term_string}"},"query-input":{"@type":"PropertyValueSpecification","valueRequired":true,"valueName":"search_term_string"}}],"inLanguage":"en-US"},{"@type":"Organization","@id":"https:\/\/www.vaga-camp.com\/en\/#organization","name":"VaGa Agency","url":"https:\/\/www.vaga-camp.com\/en\/","logo":{"@type":"ImageObject","inLanguage":"en-US","@id":"https:\/\/www.vaga-camp.com\/en\/#\/schema\/logo\/image\/","url":"https:\/\/www.vaga-camp.com\/wp-content\/uploads\/VaGa-Camp-1.png","contentUrl":"https:\/\/www.vaga-camp.com\/wp-content\/uploads\/VaGa-Camp-1.png","width":500,"height":500,"caption":"VaGa Agency"},"image":{"@id":"https:\/\/www.vaga-camp.com\/en\/#\/schema\/logo\/image\/"}},{"@type":"Person","@id":"https:\/\/www.vaga-camp.com\/en\/#\/schema\/person\/9b785744619e8a685f901eb2980ac4b7","name":"VaGa Camp","image":{"@type":"ImageObject","inLanguage":"en-US","@id":"https:\/\/secure.gravatar.com\/avatar\/db5c64bb1f2d28c0b7b7657f3b9efff8966dfaeb777919dddd967be256b0d2f3?s=96&d=mm&r=g","url":"https:\/\/secure.gravatar.com\/avatar\/db5c64bb1f2d28c0b7b7657f3b9efff8966dfaeb777919dddd967be256b0d2f3?s=96&d=mm&r=g","contentUrl":"https:\/\/secure.gravatar.com\/avatar\/db5c64bb1f2d28c0b7b7657f3b9efff8966dfaeb777919dddd967be256b0d2f3?s=96&d=mm&r=g","caption":"VaGa Camp"},"sameAs":["https:\/\/www.vaga-camp.com"]}]}},"_links":{"self":[{"href":"https:\/\/www.vaga-camp.com\/en\/wp-json\/wp\/v2\/posts\/2118","targetHints":{"allow":["GET"]}}],"collection":[{"href":"https:\/\/www.vaga-camp.com\/en\/wp-json\/wp\/v2\/posts"}],"about":[{"href":"https:\/\/www.vaga-camp.com\/en\/wp-json\/wp\/v2\/types\/post"}],"author":[{"embeddable":true,"href":"https:\/\/www.vaga-camp.com\/en\/wp-json\/wp\/v2\/users\/1"}],"replies":[{"embeddable":true,"href":"https:\/\/www.vaga-camp.com\/en\/wp-json\/wp\/v2\/comments?post=2118"}],"version-history":[{"count":0,"href":"https:\/\/www.vaga-camp.com\/en\/wp-json\/wp\/v2\/posts\/2118\/revisions"}],"wp:featuredmedia":[{"embeddable":true,"href":"https:\/\/www.vaga-camp.com\/en\/wp-json\/wp\/v2\/media\/1427"}],"wp:attachment":[{"href":"https:\/\/www.vaga-camp.com\/en\/wp-json\/wp\/v2\/media?parent=2118"}],"wp:term":[{"taxonomy":"category","embeddable":true,"href":"https:\/\/www.vaga-camp.com\/en\/wp-json\/wp\/v2\/categories?post=2118"},{"taxonomy":"post_tag","embeddable":true,"href":"https:\/\/www.vaga-camp.com\/en\/wp-json\/wp\/v2\/tags?post=2118"}],"curies":[{"name":"wp","href":"https:\/\/api.w.org\/{rel}","templated":true}]}}