{"id":2080,"date":"2021-01-08T20:31:08","date_gmt":"2021-01-08T19:31:08","guid":{"rendered":"https:\/\/www.vaga-camp.com\/?p=2080"},"modified":"2022-04-10T20:02:02","modified_gmt":"2022-04-10T18:02:02","slug":"mountains-calling-sivy-vrch-and-babky","status":"publish","type":"post","link":"https:\/\/www.vaga-camp.com\/en\/mountains-calling-sivy-vrch-and-babky\/","title":{"rendered":"Mountains calling: Siv\u00fd vrch and Babky"},"content":{"rendered":"\n<p><br>The\u00a0tower of Vlasta. The Needle of Mount Patria.<br>It is hidden in the massif of Mount Patria in the High Tatras. It rises to heaven, a\u00a0lonely rocky tower in a<br>forgotten rocky town.<br>On the 9th September 1929, she climbed, together with Alexander \u0160karvan, to this unique needle of Mount<br>Patria, later named for here, Vlasta\u00b4s tower.<br>The \u201c\u0160t\u00e1flovka\u201d, a\u00a0climbing route from the southern site of the Volia ve\u017ea tower, is legendary and has cult-<br>like following among Czech mountaineers.<br>Vlasta \u0160t\u00e1flov\u00e1, the female Czech mountaineer and writer, climbed it for the first time, together with Karel<br>\u010cabelka and Jan \u0160abata, on the 9th July 1935.<br>\u201eIt is the most beautiful place in the world,\u201c, she said, as she rented a\u00a0chalet at the Popradsk\u00e9 pleso<br>mountain lake, together with her husband, Otakar \u0160t\u00e1fl, the\u00a0famous Czech painter.<br>The High Tatras has a\u00a0smaller and greener brother, with a 42km long ridge and 33 two-thousenders.<br>The Western Tatras or Roh\u00e1\u010de.<br>\u201eIt is the most beautiful place,\u201d said Valery.<br>And still it is invisible from below. It is not majestic, nor high.<br>But there is a\u00a0secret limestone town of flowers with white houses and Juraj J\u00e1no\u0161\u00edk\u00b4s treasure hidden at its<br>heart.<br>It looks like a\u00a0grey cap on the white rock from afar.<br>A\u00a0hiking path starts under the forest, continues through the meadows full of unique colorful flowers, many<br>found nowhere else in Slovakia. More than 650 species bloom here!<br>The path through the mountain pine reminiscent of the gaged Rebel\u00b4s trail opens the view of the ridge of<br>the Western Tatras.<br>And on the summit of Siv\u00fd vrch mountain, with one eye you will have a\u00a0look at the Liptov region and the<br>Liptovsk\u00e1 Mara water reservoir, and with the other, the Orava region and the Oravsk\u00e1 priehrada reservoir.<br>You will see Babky mountain. A\u00a0grassy ridge evocating the Mal\u00e1 Fatra Mountain\u00b4s ridge leads to its summit.<br>Under the peak you will recognize three sitting stony women, from whom it takes its name.<br>Standing on the top, you will admire the\u00a0view of majestic and monumental Baranec mountain, a\u00a0father of<br>the Liptov region, proudly protecting all its inhabitants.<br>Known once as The Great Mountain, it was considered the highest mountain of the Western Tatras.<br>It is not.<br>It is the third highest.<br>A\u00a0yellow marked hiking path starts in the \u017diarska dolina valley. It leads through the steep forest above the<br>tree line up to a grassy ridge and granite summit.<br>The path to the \u017diarske sedlo saddle overlooks 1,000 m deep gaps to the east and west. There the Chamois<br>of the Tatras will greet you, and the eagle spreads its wings above you.<br>There these proud, magnificent, and strong rocks will embrace you.<br>There\u00a0light and shadow will play their\u00a0game.<br>You will hike until you reach the \u017diarska chata chalet, where you will taste the special herbal liqueur<br>Svi\u0161\u0165ovka, and listen to a\u00a0story about Romanian herder boys, who settled down in this territory in the 15th<br>and 16th century. Their herds gave their names to mountains Baranec (\u201cram mountain\u201d) and Volovec (\u201cox<br>mountain\u201d).<br>You will harken to a\u00a0story about a\u00a0brave chalet, which protected the partisans in WWII and therefore was<br>burned in reprisal.<br>For the way back, you will rent a\u00a0scooter only to stop its fast wheels to explore the cave and waterfall at the<br>foothill of the \u017diarska dolina valley.<\/p>\n\n\n\n<p>And later, while relaxing in the unique open-air wellness Ka\u010fa in the Liptovsk\u00fd J\u00e1n village, and watching the<br>sun set, switching places with the moon and stars, you will believe the beauty of mountains is in their<br>impregnability.<br>You will keep in mind, each way is a\u00a0new goal, and when mountains are calling, you must go.<\/p>\n\n\n\n<figure class=\"wp-block-image\"><img decoding=\"async\" src=\"https:\/\/www.vaga-camp.com\/wp-content\/uploads\/vaga_Baranec-3-768x1024.jpg\" alt=\"Tento obr\u00e1zok nem\u00e1 vyplnen\u00fd ALT popisok, jeho n\u00e1zov je vaga_Baranec-3-768x1024.jpg\"\/><\/figure>\n\n\n\n<figure class=\"wp-block-embed is-type-video is-provider-youtube wp-block-embed-youtube wp-embed-aspect-16-9 wp-has-aspect-ratio\"><div class=\"wp-block-embed__wrapper\">\n<iframe title=\"Najkraj\u0161\u00ed v\u00fdlet na Liptove - Sivy\u0301 Vrch - Babky (Z\u00e1padn\u00e9 Tatry)- Turistika- VaGa\" width=\"1290\" height=\"726\" src=\"https:\/\/www.youtube.com\/embed\/u_5eUcDa3r0?feature=oembed\" frameborder=\"0\" allow=\"accelerometer; autoplay; clipboard-write; encrypted-media; gyroscope; picture-in-picture; web-share\" allowfullscreen><\/iframe>\n<\/div><\/figure>\n","protected":false},"excerpt":{"rendered":"<p>The\u00a0tower of Vlasta. The Needle of Mount Patria.It is hidden in the massif of Mount Patria in the High Tatras. It rises to heaven, a\u00a0lonely rocky tower in aforgotten rocky town.On the 9th September 1929, she climbed, together with Alexander \u0160karvan, to this unique needle of MountPatria, later named for here, Vlasta\u00b4s tower.The \u201c\u0160t\u00e1flovka\u201d, a\u00a0climbing [&hellip;]<\/p>\n","protected":false},"author":1,"featured_media":708,"comment_status":"closed","ping_status":"closed","sticky":false,"template":"","format":"standard","meta":{"_monsterinsights_skip_tracking":false,"_monsterinsights_sitenote_active":false,"_monsterinsights_sitenote_note":"","_monsterinsights_sitenote_category":0,"footnotes":""},"categories":[60],"tags":[],"class_list":["post-2080","post","type-post","status-publish","format-standard","has-post-thumbnail","hentry","category-find-strength-on-our-camps"],"blocksy_meta":{"styles_descriptor":{"styles":{"desktop":"","tablet":"","mobile":""},"google_fonts":[],"version":6}},"yoast_head":"<!-- This site is optimized with the Yoast SEO plugin v26.8 - https:\/\/yoast.com\/product\/yoast-seo-wordpress\/ -->\n<title>Mountains calling: Siv\u00fd vrch and Babky - VaGa Camp<\/title>\n<meta name=\"description\" content=\"Vyberte sa s nami na Siv\u00fd vrch a Babky v Z\u00e1padn\u00fdch Tatr\u00e1ch. Rezervujte si n\u00e1\u0161 adrenal\u00ednov\u00fd kemp.\" \/>\n<meta name=\"robots\" content=\"index, follow, max-snippet:-1, max-image-preview:large, max-video-preview:-1\" \/>\n<link rel=\"canonical\" href=\"https:\/\/www.vaga-camp.com\/en\/mountains-calling-sivy-vrch-and-babky\/\" \/>\n<meta property=\"og:locale\" content=\"en_US\" \/>\n<meta property=\"og:type\" content=\"article\" \/>\n<meta property=\"og:title\" content=\"Mountains calling: Siv\u00fd vrch and Babky - VaGa Camp\" \/>\n<meta property=\"og:description\" content=\"Vyberte sa s nami na Siv\u00fd vrch a Babky v Z\u00e1padn\u00fdch Tatr\u00e1ch. Rezervujte si n\u00e1\u0161 adrenal\u00ednov\u00fd kemp.\" \/>\n<meta property=\"og:url\" content=\"https:\/\/www.vaga-camp.com\/en\/mountains-calling-sivy-vrch-and-babky\/\" \/>\n<meta property=\"og:site_name\" content=\"VaGa Camp\" \/>\n<meta property=\"article:published_time\" content=\"2021-01-08T19:31:08+00:00\" \/>\n<meta property=\"article:modified_time\" content=\"2022-04-10T18:02:02+00:00\" \/>\n<meta property=\"og:image\" content=\"https:\/\/www.vaga-camp.com\/wp-content\/uploads\/vaga_Sivy-vrch-and-Babky-1-scaled.jpg\" \/>\n\t<meta property=\"og:image:width\" content=\"810\" \/>\n\t<meta property=\"og:image:height\" content=\"1080\" \/>\n\t<meta property=\"og:image:type\" content=\"image\/jpeg\" \/>\n<meta name=\"author\" content=\"VaGa Camp\" \/>\n<meta name=\"twitter:card\" content=\"summary_large_image\" \/>\n<meta name=\"twitter:label1\" content=\"Written by\" \/>\n\t<meta name=\"twitter:data1\" content=\"VaGa Camp\" \/>\n\t<meta name=\"twitter:label2\" content=\"Est. reading time\" \/>\n\t<meta name=\"twitter:data2\" content=\"4 minutes\" \/>\n<script type=\"application\/ld+json\" class=\"yoast-schema-graph\">{\"@context\":\"https:\/\/schema.org\",\"@graph\":[{\"@type\":\"Article\",\"@id\":\"https:\/\/www.vaga-camp.com\/en\/mountains-calling-sivy-vrch-and-babky\/#article\",\"isPartOf\":{\"@id\":\"https:\/\/www.vaga-camp.com\/en\/mountains-calling-sivy-vrch-and-babky\/\"},\"author\":{\"name\":\"VaGa Camp\",\"@id\":\"https:\/\/www.vaga-camp.com\/#\/schema\/person\/9b785744619e8a685f901eb2980ac4b7\"},\"headline\":\"Mountains calling: Siv\u00fd vrch and Babky\",\"datePublished\":\"2021-01-08T19:31:08+00:00\",\"dateModified\":\"2022-04-10T18:02:02+00:00\",\"mainEntityOfPage\":{\"@id\":\"https:\/\/www.vaga-camp.com\/en\/mountains-calling-sivy-vrch-and-babky\/\"},\"wordCount\":637,\"publisher\":{\"@id\":\"https:\/\/www.vaga-camp.com\/#organization\"},\"image\":{\"@id\":\"https:\/\/www.vaga-camp.com\/en\/mountains-calling-sivy-vrch-and-babky\/#primaryimage\"},\"thumbnailUrl\":\"https:\/\/www.vaga-camp.com\/wp-content\/uploads\/vaga_Sivy-vrch-and-Babky-1-scaled.jpg\",\"articleSection\":[\"Find strength on our camps\"],\"inLanguage\":\"en-US\"},{\"@type\":\"WebPage\",\"@id\":\"https:\/\/www.vaga-camp.com\/en\/mountains-calling-sivy-vrch-and-babky\/\",\"url\":\"https:\/\/www.vaga-camp.com\/en\/mountains-calling-sivy-vrch-and-babky\/\",\"name\":\"Mountains calling: Siv\u00fd vrch and Babky - VaGa Camp\",\"isPartOf\":{\"@id\":\"https:\/\/www.vaga-camp.com\/#website\"},\"primaryImageOfPage\":{\"@id\":\"https:\/\/www.vaga-camp.com\/en\/mountains-calling-sivy-vrch-and-babky\/#primaryimage\"},\"image\":{\"@id\":\"https:\/\/www.vaga-camp.com\/en\/mountains-calling-sivy-vrch-and-babky\/#primaryimage\"},\"thumbnailUrl\":\"https:\/\/www.vaga-camp.com\/wp-content\/uploads\/vaga_Sivy-vrch-and-Babky-1-scaled.jpg\",\"datePublished\":\"2021-01-08T19:31:08+00:00\",\"dateModified\":\"2022-04-10T18:02:02+00:00\",\"description\":\"Vyberte sa s nami na Siv\u00fd vrch a Babky v Z\u00e1padn\u00fdch Tatr\u00e1ch. Rezervujte si n\u00e1\u0161 adrenal\u00ednov\u00fd kemp.\",\"breadcrumb\":{\"@id\":\"https:\/\/www.vaga-camp.com\/en\/mountains-calling-sivy-vrch-and-babky\/#breadcrumb\"},\"inLanguage\":\"en-US\",\"potentialAction\":[{\"@type\":\"ReadAction\",\"target\":[\"https:\/\/www.vaga-camp.com\/en\/mountains-calling-sivy-vrch-and-babky\/\"]}]},{\"@type\":\"ImageObject\",\"inLanguage\":\"en-US\",\"@id\":\"https:\/\/www.vaga-camp.com\/en\/mountains-calling-sivy-vrch-and-babky\/#primaryimage\",\"url\":\"https:\/\/www.vaga-camp.com\/wp-content\/uploads\/vaga_Sivy-vrch-and-Babky-1-scaled.jpg\",\"contentUrl\":\"https:\/\/www.vaga-camp.com\/wp-content\/uploads\/vaga_Sivy-vrch-and-Babky-1-scaled.jpg\",\"width\":810,\"height\":1080},{\"@type\":\"BreadcrumbList\",\"@id\":\"https:\/\/www.vaga-camp.com\/en\/mountains-calling-sivy-vrch-and-babky\/#breadcrumb\",\"itemListElement\":[{\"@type\":\"ListItem\",\"position\":1,\"name\":\"Domovsk\u00e1 str\u00e1nka\",\"item\":\"https:\/\/www.vaga-camp.com\/en\/\"},{\"@type\":\"ListItem\",\"position\":2,\"name\":\"Mountains calling: Siv\u00fd vrch and Babky\"}]},{\"@type\":\"WebSite\",\"@id\":\"https:\/\/www.vaga-camp.com\/#website\",\"url\":\"https:\/\/www.vaga-camp.com\/\",\"name\":\"VaGa Camp\",\"description\":\"Sta\u0148 sa extr\u00e9mne v\u00fdnimo\u010dnou \u017eenou na v\u00fdnimo\u010dnom mieste\",\"publisher\":{\"@id\":\"https:\/\/www.vaga-camp.com\/#organization\"},\"potentialAction\":[{\"@type\":\"SearchAction\",\"target\":{\"@type\":\"EntryPoint\",\"urlTemplate\":\"https:\/\/www.vaga-camp.com\/?s={search_term_string}\"},\"query-input\":{\"@type\":\"PropertyValueSpecification\",\"valueRequired\":true,\"valueName\":\"search_term_string\"}}],\"inLanguage\":\"en-US\"},{\"@type\":\"Organization\",\"@id\":\"https:\/\/www.vaga-camp.com\/#organization\",\"name\":\"VaGa Agency\",\"url\":\"https:\/\/www.vaga-camp.com\/\",\"logo\":{\"@type\":\"ImageObject\",\"inLanguage\":\"en-US\",\"@id\":\"https:\/\/www.vaga-camp.com\/#\/schema\/logo\/image\/\",\"url\":\"https:\/\/www.vaga-camp.com\/wp-content\/uploads\/VaGa-Camp-1.png\",\"contentUrl\":\"https:\/\/www.vaga-camp.com\/wp-content\/uploads\/VaGa-Camp-1.png\",\"width\":500,\"height\":500,\"caption\":\"VaGa Agency\"},\"image\":{\"@id\":\"https:\/\/www.vaga-camp.com\/#\/schema\/logo\/image\/\"}},{\"@type\":\"Person\",\"@id\":\"https:\/\/www.vaga-camp.com\/#\/schema\/person\/9b785744619e8a685f901eb2980ac4b7\",\"name\":\"VaGa Camp\",\"image\":{\"@type\":\"ImageObject\",\"inLanguage\":\"en-US\",\"@id\":\"https:\/\/www.vaga-camp.com\/#\/schema\/person\/image\/\",\"url\":\"https:\/\/secure.gravatar.com\/avatar\/5d4c774a0ca183b35d55797833db9c18?s=96&d=mm&r=g\",\"contentUrl\":\"https:\/\/secure.gravatar.com\/avatar\/5d4c774a0ca183b35d55797833db9c18?s=96&d=mm&r=g\",\"caption\":\"VaGa Camp\"},\"sameAs\":[\"https:\/\/www.vaga-camp.com\"]}]}<\/script>\n<!-- \/ Yoast SEO plugin. -->","yoast_head_json":{"title":"Mountains calling: Siv\u00fd vrch and Babky - VaGa Camp","description":"Vyberte sa s nami na Siv\u00fd vrch a Babky v Z\u00e1padn\u00fdch Tatr\u00e1ch. Rezervujte si n\u00e1\u0161 adrenal\u00ednov\u00fd kemp.","robots":{"index":"index","follow":"follow","max-snippet":"max-snippet:-1","max-image-preview":"max-image-preview:large","max-video-preview":"max-video-preview:-1"},"canonical":"https:\/\/www.vaga-camp.com\/en\/mountains-calling-sivy-vrch-and-babky\/","og_locale":"en_US","og_type":"article","og_title":"Mountains calling: Siv\u00fd vrch and Babky - VaGa Camp","og_description":"Vyberte sa s nami na Siv\u00fd vrch a Babky v Z\u00e1padn\u00fdch Tatr\u00e1ch. Rezervujte si n\u00e1\u0161 adrenal\u00ednov\u00fd kemp.","og_url":"https:\/\/www.vaga-camp.com\/en\/mountains-calling-sivy-vrch-and-babky\/","og_site_name":"VaGa Camp","article_published_time":"2021-01-08T19:31:08+00:00","article_modified_time":"2022-04-10T18:02:02+00:00","og_image":[{"width":810,"height":1080,"url":"https:\/\/www.vaga-camp.com\/wp-content\/uploads\/vaga_Sivy-vrch-and-Babky-1-scaled.jpg","type":"image\/jpeg"}],"author":"VaGa Camp","twitter_card":"summary_large_image","twitter_misc":{"Written by":"VaGa Camp","Est. reading time":"4 minutes"},"schema":{"@context":"https:\/\/schema.org","@graph":[{"@type":"Article","@id":"https:\/\/www.vaga-camp.com\/en\/mountains-calling-sivy-vrch-and-babky\/#article","isPartOf":{"@id":"https:\/\/www.vaga-camp.com\/en\/mountains-calling-sivy-vrch-and-babky\/"},"author":{"name":"VaGa Camp","@id":"https:\/\/www.vaga-camp.com\/#\/schema\/person\/9b785744619e8a685f901eb2980ac4b7"},"headline":"Mountains calling: Siv\u00fd vrch and Babky","datePublished":"2021-01-08T19:31:08+00:00","dateModified":"2022-04-10T18:02:02+00:00","mainEntityOfPage":{"@id":"https:\/\/www.vaga-camp.com\/en\/mountains-calling-sivy-vrch-and-babky\/"},"wordCount":637,"publisher":{"@id":"https:\/\/www.vaga-camp.com\/#organization"},"image":{"@id":"https:\/\/www.vaga-camp.com\/en\/mountains-calling-sivy-vrch-and-babky\/#primaryimage"},"thumbnailUrl":"https:\/\/www.vaga-camp.com\/wp-content\/uploads\/vaga_Sivy-vrch-and-Babky-1-scaled.jpg","articleSection":["Find strength on our camps"],"inLanguage":"en-US"},{"@type":"WebPage","@id":"https:\/\/www.vaga-camp.com\/en\/mountains-calling-sivy-vrch-and-babky\/","url":"https:\/\/www.vaga-camp.com\/en\/mountains-calling-sivy-vrch-and-babky\/","name":"Mountains calling: Siv\u00fd vrch and Babky - VaGa Camp","isPartOf":{"@id":"https:\/\/www.vaga-camp.com\/#website"},"primaryImageOfPage":{"@id":"https:\/\/www.vaga-camp.com\/en\/mountains-calling-sivy-vrch-and-babky\/#primaryimage"},"image":{"@id":"https:\/\/www.vaga-camp.com\/en\/mountains-calling-sivy-vrch-and-babky\/#primaryimage"},"thumbnailUrl":"https:\/\/www.vaga-camp.com\/wp-content\/uploads\/vaga_Sivy-vrch-and-Babky-1-scaled.jpg","datePublished":"2021-01-08T19:31:08+00:00","dateModified":"2022-04-10T18:02:02+00:00","description":"Vyberte sa s nami na Siv\u00fd vrch a Babky v Z\u00e1padn\u00fdch Tatr\u00e1ch. Rezervujte si n\u00e1\u0161 adrenal\u00ednov\u00fd kemp.","breadcrumb":{"@id":"https:\/\/www.vaga-camp.com\/en\/mountains-calling-sivy-vrch-and-babky\/#breadcrumb"},"inLanguage":"en-US","potentialAction":[{"@type":"ReadAction","target":["https:\/\/www.vaga-camp.com\/en\/mountains-calling-sivy-vrch-and-babky\/"]}]},{"@type":"ImageObject","inLanguage":"en-US","@id":"https:\/\/www.vaga-camp.com\/en\/mountains-calling-sivy-vrch-and-babky\/#primaryimage","url":"https:\/\/www.vaga-camp.com\/wp-content\/uploads\/vaga_Sivy-vrch-and-Babky-1-scaled.jpg","contentUrl":"https:\/\/www.vaga-camp.com\/wp-content\/uploads\/vaga_Sivy-vrch-and-Babky-1-scaled.jpg","width":810,"height":1080},{"@type":"BreadcrumbList","@id":"https:\/\/www.vaga-camp.com\/en\/mountains-calling-sivy-vrch-and-babky\/#breadcrumb","itemListElement":[{"@type":"ListItem","position":1,"name":"Domovsk\u00e1 str\u00e1nka","item":"https:\/\/www.vaga-camp.com\/en\/"},{"@type":"ListItem","position":2,"name":"Mountains calling: Siv\u00fd vrch and Babky"}]},{"@type":"WebSite","@id":"https:\/\/www.vaga-camp.com\/#website","url":"https:\/\/www.vaga-camp.com\/","name":"VaGa Camp","description":"Sta\u0148 sa extr\u00e9mne v\u00fdnimo\u010dnou \u017eenou na v\u00fdnimo\u010dnom mieste","publisher":{"@id":"https:\/\/www.vaga-camp.com\/#organization"},"potentialAction":[{"@type":"SearchAction","target":{"@type":"EntryPoint","urlTemplate":"https:\/\/www.vaga-camp.com\/?s={search_term_string}"},"query-input":{"@type":"PropertyValueSpecification","valueRequired":true,"valueName":"search_term_string"}}],"inLanguage":"en-US"},{"@type":"Organization","@id":"https:\/\/www.vaga-camp.com\/#organization","name":"VaGa Agency","url":"https:\/\/www.vaga-camp.com\/","logo":{"@type":"ImageObject","inLanguage":"en-US","@id":"https:\/\/www.vaga-camp.com\/#\/schema\/logo\/image\/","url":"https:\/\/www.vaga-camp.com\/wp-content\/uploads\/VaGa-Camp-1.png","contentUrl":"https:\/\/www.vaga-camp.com\/wp-content\/uploads\/VaGa-Camp-1.png","width":500,"height":500,"caption":"VaGa Agency"},"image":{"@id":"https:\/\/www.vaga-camp.com\/#\/schema\/logo\/image\/"}},{"@type":"Person","@id":"https:\/\/www.vaga-camp.com\/#\/schema\/person\/9b785744619e8a685f901eb2980ac4b7","name":"VaGa Camp","image":{"@type":"ImageObject","inLanguage":"en-US","@id":"https:\/\/www.vaga-camp.com\/#\/schema\/person\/image\/","url":"https:\/\/secure.gravatar.com\/avatar\/5d4c774a0ca183b35d55797833db9c18?s=96&d=mm&r=g","contentUrl":"https:\/\/secure.gravatar.com\/avatar\/5d4c774a0ca183b35d55797833db9c18?s=96&d=mm&r=g","caption":"VaGa Camp"},"sameAs":["https:\/\/www.vaga-camp.com"]}]}},"_links":{"self":[{"href":"https:\/\/www.vaga-camp.com\/en\/wp-json\/wp\/v2\/posts\/2080","targetHints":{"allow":["GET"]}}],"collection":[{"href":"https:\/\/www.vaga-camp.com\/en\/wp-json\/wp\/v2\/posts"}],"about":[{"href":"https:\/\/www.vaga-camp.com\/en\/wp-json\/wp\/v2\/types\/post"}],"author":[{"embeddable":true,"href":"https:\/\/www.vaga-camp.com\/en\/wp-json\/wp\/v2\/users\/1"}],"replies":[{"embeddable":true,"href":"https:\/\/www.vaga-camp.com\/en\/wp-json\/wp\/v2\/comments?post=2080"}],"version-history":[{"count":0,"href":"https:\/\/www.vaga-camp.com\/en\/wp-json\/wp\/v2\/posts\/2080\/revisions"}],"wp:featuredmedia":[{"embeddable":true,"href":"https:\/\/www.vaga-camp.com\/en\/wp-json\/wp\/v2\/media\/708"}],"wp:attachment":[{"href":"https:\/\/www.vaga-camp.com\/en\/wp-json\/wp\/v2\/media?parent=2080"}],"wp:term":[{"taxonomy":"category","embeddable":true,"href":"https:\/\/www.vaga-camp.com\/en\/wp-json\/wp\/v2\/categories?post=2080"},{"taxonomy":"post_tag","embeddable":true,"href":"https:\/\/www.vaga-camp.com\/en\/wp-json\/wp\/v2\/tags?post=2080"}],"curies":[{"name":"wp","href":"https:\/\/api.w.org\/{rel}","templated":true}]}}